{"id":2446,"date":"2020-08-25T10:29:39","date_gmt":"2020-08-25T08:29:39","guid":{"rendered":"https:\/\/www.strauch-lu.de\/?p=2446"},"modified":"2020-09-04T16:47:13","modified_gmt":"2020-09-04T14:47:13","slug":"start-in-die-maissaison-2020","status":"publish","type":"post","link":"https:\/\/www.strauch-lu.de\/kommunal\/blog\/2020\/08\/25\/start-in-die-maissaison-2020\/","title":{"rendered":"Start in die Maissaison 2020"},"content":{"rendered":"<div id=\"pl-2446\"  class=\"panel-layout\" ><div id=\"pg-2446-0\"  class=\"panel-grid panel-no-style\" ><div id=\"pgc-2446-0-0\"  class=\"panel-grid-cell\" ><div id=\"panel-2446-0-0-0\" class=\"so-panel widget widget_text panel-first-child panel-last-child\" data-index=\"0\" >\t\t\t<div class=\"textwidget\"><p>Heute sind unsere ersten Maish\u00e4ckselkolonnen in die Maiserntesaison 2020 gestartet.<\/p>\n<p>Nachstehend die ersten Impressionen aus diesem Jahr.<\/p>\n<p>&nbsp;<\/p>\n<div class=\"textwidget\">\n<p><b>10 bis 12-reihige Komplettl\u00f6sung<\/b><\/p>\n<p>Die Kombination der Maish\u00e4cksler mit unseren Transportgespannen und die richtige Verdichtung der Silage durch unsere Radlader gew\u00e4hrleistet Ihnen eine gute und effiziente Maisernte.<\/p>\n<p>F\u00fcr eine schnelle, zuverl\u00e4ssige und saubere Maisernte stehen mehrere Maish\u00e4cksler und Transportfahrzeuge bereit. Die Silierkette wird dabei individuell an Ihre Anforderungen und W\u00fcnsche angepasst.<\/p>\n<\/div>\n<\/div>\n\t\t<\/div><\/div><\/div><div id=\"pg-2446-1\"  class=\"panel-grid panel-no-style\" ><div id=\"pgc-2446-1-0\"  class=\"panel-grid-cell\" ><div id=\"panel-2446-1-0-0\" class=\"so-panel widget widget_media_image panel-first-child panel-last-child\" data-index=\"1\" ><figure class=\"thumbnail wp-caption alignnone\" style=\"width: 1600px\"><img class=\"image \" src=\"https:\/\/www.strauch-lu.de\/wp-content\/uploads\/2020\/08\/IMG-20200825-WA0004.jpg\" alt=\"\" width=\"1600\" height=\"1200\" \/><figcaption class=\"caption wp-caption-text\">Krone BigX 700 und MF 7618 mit Schuitemaker Silagewagen 720<\/figcaption><\/figure><\/div><\/div><div id=\"pgc-2446-1-1\"  class=\"panel-grid-cell\" ><div id=\"panel-2446-1-1-0\" class=\"so-panel widget widget_media_image panel-first-child panel-last-child\" data-index=\"2\" ><figure class=\"thumbnail wp-caption alignnone\" style=\"width: 1600px\"><img class=\"image \" src=\"https:\/\/www.strauch-lu.de\/wp-content\/uploads\/2020\/08\/IMG-20200825-WA0005.jpg\" alt=\"\" width=\"1600\" height=\"1200\" \/><figcaption class=\"caption wp-caption-text\">Krone BigX 700<\/figcaption><\/figure><\/div><\/div><\/div><div id=\"pg-2446-2\"  class=\"panel-grid panel-no-style\" ><div id=\"pgc-2446-2-0\"  class=\"panel-grid-cell\" ><div id=\"panel-2446-2-0-0\" class=\"so-panel widget widget_media_video panel-first-child panel-last-child\" data-index=\"3\" ><\/div><\/div><\/div><div id=\"pg-2446-3\"  class=\"panel-grid panel-no-style\" ><div id=\"pgc-2446-3-0\"  class=\"panel-grid-cell\" ><div id=\"panel-2446-3-0-0\" class=\"so-panel widget widget_media_image panel-first-child panel-last-child\" data-index=\"4\" ><figure class=\"thumbnail wp-caption alignnone\" style=\"width: 1600px\"><img class=\"image \" src=\"https:\/\/www.strauch-lu.de\/wp-content\/uploads\/2020\/09\/IMG-20200903-WA0022-1.jpg\" alt=\"\" width=\"1600\" height=\"1200\" \/><figcaption class=\"caption wp-caption-text\">Volvo L90H mit Gr\u00fcngutgabel<\/figcaption><\/figure><\/div><\/div><div id=\"pgc-2446-3-1\"  class=\"panel-grid-cell\" ><div id=\"panel-2446-3-1-0\" class=\"so-panel widget widget_media_image panel-first-child panel-last-child\" data-index=\"5\" ><figure class=\"thumbnail wp-caption alignnone\" style=\"width: 1600px\"><img class=\"image \" src=\"https:\/\/www.strauch-lu.de\/wp-content\/uploads\/2020\/09\/IMG-20200903-WA0028.jpg\" alt=\"\" width=\"1600\" height=\"1200\" \/><figcaption class=\"caption wp-caption-text\">Volvo L70H<\/figcaption><\/figure><\/div><\/div><\/div><div id=\"pg-2446-4\"  class=\"panel-grid panel-no-style\" ><div id=\"pgc-2446-4-0\"  class=\"panel-grid-cell\" ><div id=\"panel-2446-4-0-0\" class=\"so-panel widget widget_media_image panel-first-child panel-last-child\" data-index=\"6\" ><figure class=\"thumbnail wp-caption alignnone\" style=\"width: 1600px\"><img class=\"image \" src=\"https:\/\/www.strauch-lu.de\/wp-content\/uploads\/2020\/09\/IMG-20200904-WA0017.jpg\" alt=\"\" width=\"1600\" height=\"1200\" \/><figcaption class=\"caption wp-caption-text\">Holaras Silowalze<\/figcaption><\/figure><\/div><\/div><div id=\"pgc-2446-4-1\"  class=\"panel-grid-cell\" ><div id=\"panel-2446-4-1-0\" class=\"so-panel widget widget_media_image panel-first-child panel-last-child\" data-index=\"7\" ><figure class=\"thumbnail wp-caption alignnone\" style=\"width: 1600px\"><img class=\"image \" src=\"https:\/\/www.strauch-lu.de\/wp-content\/uploads\/2020\/09\/IMG-20200904-WA0015.jpg\" alt=\"\" width=\"1600\" height=\"1200\" \/><figcaption class=\"caption wp-caption-text\">Massey Ferguson 7720 S mit Holaras Silowalze<\/figcaption><\/figure><\/div><\/div><\/div><\/div>","protected":false},"excerpt":{"rendered":"<p>Heute sind unsere ersten Maish\u00e4ckselkolonnen in die Maiserntesaison 2020 gestartet. Nachstehend die ersten Impressionen aus diesem Jahr. &nbsp; 10 bis 12-reihige Komplettl\u00f6sung Die Kombination der Maish\u00e4cksler mit unseren Transportgespannen und die richtige Verdichtung der Silage durch unsere Radlader gew\u00e4hrleistet Ihnen &hellip; <a href=\"https:\/\/www.strauch-lu.de\/kommunal\/blog\/2020\/08\/25\/start-in-die-maissaison-2020\/\">Weiter<\/a><\/p>\n","protected":false},"author":2,"featured_media":0,"comment_status":"open","ping_status":"open","sticky":false,"template":"","format":"standard","meta":{"kt_blocks_editor_width":""},"categories":[1],"tags":[],"yoast_head":"<!-- This site is optimized with the Yoast SEO plugin v20.2.1 - https:\/\/yoast.com\/wordpress\/plugins\/seo\/ -->\n<title>Start in die Maissaison 2020 - Johannes Jan\u00dfen<\/title>\n<meta name=\"robots\" content=\"index, follow, max-snippet:-1, max-image-preview:large, max-video-preview:-1\" \/>\n<link rel=\"canonical\" href=\"https:\/\/www.strauch-lu.de\/kommunal\/blog\/2020\/08\/25\/start-in-die-maissaison-2020\/\" \/>\n<meta property=\"og:locale\" content=\"de_DE\" \/>\n<meta property=\"og:type\" content=\"article\" \/>\n<meta property=\"og:title\" content=\"Start in die Maissaison 2020 - Johannes Jan\u00dfen\" \/>\n<meta property=\"og:description\" content=\"Heute sind unsere ersten Maish\u00e4ckselkolonnen in die Maiserntesaison 2020 gestartet. Nachstehend die ersten Impressionen aus diesem Jahr. &nbsp; 10 bis 12-reihige Komplettl\u00f6sung Die Kombination der Maish\u00e4cksler mit unseren Transportgespannen und die richtige Verdichtung der Silage durch unsere Radlader gew\u00e4hrleistet Ihnen &hellip; Weiter\" \/>\n<meta property=\"og:url\" content=\"https:\/\/www.strauch-lu.de\/kommunal\/blog\/2020\/08\/25\/start-in-die-maissaison-2020\/\" \/>\n<meta property=\"og:site_name\" content=\"Johannes Jan\u00dfen\" \/>\n<meta property=\"article:published_time\" content=\"2020-08-25T08:29:39+00:00\" \/>\n<meta property=\"article:modified_time\" content=\"2020-09-04T14:47:13+00:00\" \/>\n<meta property=\"og:image\" content=\"https:\/\/www.strauch-lu.de\/kommunal\/wp-content\/uploads\/sites\/3\/2020\/08\/IMG-20200825-WA0007.jpg\" \/>\n\t<meta property=\"og:image:width\" content=\"723\" \/>\n\t<meta property=\"og:image:height\" content=\"1115\" \/>\n\t<meta property=\"og:image:type\" content=\"image\/jpeg\" \/>\n<meta name=\"author\" content=\"Strauch\" \/>\n<meta name=\"twitter:card\" content=\"summary_large_image\" \/>\n<meta name=\"twitter:label1\" content=\"Verfasst von\" \/>\n\t<meta name=\"twitter:data1\" content=\"Strauch\" \/>\n\t<meta name=\"twitter:label2\" content=\"Gesch\u00e4tzte Lesezeit\" \/>\n\t<meta name=\"twitter:data2\" content=\"1\u00a0Minute\" \/>\n<script type=\"application\/ld+json\" class=\"yoast-schema-graph\">{\"@context\":\"https:\/\/schema.org\",\"@graph\":[{\"@type\":\"WebPage\",\"@id\":\"https:\/\/www.strauch-lu.de\/kommunal\/blog\/2020\/08\/25\/start-in-die-maissaison-2020\/\",\"url\":\"https:\/\/www.strauch-lu.de\/kommunal\/blog\/2020\/08\/25\/start-in-die-maissaison-2020\/\",\"name\":\"Start in die Maissaison 2020 - Johannes Jan\u00dfen\",\"isPartOf\":{\"@id\":\"https:\/\/www.strauch-lu.de\/kommunal\/#website\"},\"datePublished\":\"2020-08-25T08:29:39+00:00\",\"dateModified\":\"2020-09-04T14:47:13+00:00\",\"author\":{\"@id\":\"https:\/\/www.strauch-lu.de\/kommunal\/#\/schema\/person\/7a95abd1e5b92e0060964c1afde058b6\"},\"breadcrumb\":{\"@id\":\"https:\/\/www.strauch-lu.de\/kommunal\/blog\/2020\/08\/25\/start-in-die-maissaison-2020\/#breadcrumb\"},\"inLanguage\":\"de\",\"potentialAction\":[{\"@type\":\"ReadAction\",\"target\":[\"https:\/\/www.strauch-lu.de\/kommunal\/blog\/2020\/08\/25\/start-in-die-maissaison-2020\/\"]}]},{\"@type\":\"BreadcrumbList\",\"@id\":\"https:\/\/www.strauch-lu.de\/kommunal\/blog\/2020\/08\/25\/start-in-die-maissaison-2020\/#breadcrumb\",\"itemListElement\":[{\"@type\":\"ListItem\",\"position\":1,\"name\":\"Startseite\",\"item\":\"https:\/\/www.strauch-lu.de\/kommunal\/\"},{\"@type\":\"ListItem\",\"position\":2,\"name\":\"Start in die Maissaison 2020\"}]},{\"@type\":\"WebSite\",\"@id\":\"https:\/\/www.strauch-lu.de\/kommunal\/#website\",\"url\":\"https:\/\/www.strauch-lu.de\/kommunal\/\",\"name\":\"Johannes Jan\u00dfen\",\"description\":\"Ein Unternehmen der Strauch-Gruppe\",\"potentialAction\":[{\"@type\":\"SearchAction\",\"target\":{\"@type\":\"EntryPoint\",\"urlTemplate\":\"https:\/\/www.strauch-lu.de\/kommunal\/?s={search_term_string}\"},\"query-input\":\"required name=search_term_string\"}],\"inLanguage\":\"de\"},{\"@type\":\"Person\",\"@id\":\"https:\/\/www.strauch-lu.de\/kommunal\/#\/schema\/person\/7a95abd1e5b92e0060964c1afde058b6\",\"name\":\"Strauch\",\"sameAs\":[\"https:\/\/www.instagram.com\/agrarservicestrauch\/?hl=de\"],\"url\":\"https:\/\/www.strauch-lu.de\/kommunal\/blog\/author\/49605aba052da9b3\/\"}]}<\/script>\n<!-- \/ Yoast SEO plugin. -->","yoast_head_json":{"title":"Start in die Maissaison 2020 - Johannes Jan\u00dfen","robots":{"index":"index","follow":"follow","max-snippet":"max-snippet:-1","max-image-preview":"max-image-preview:large","max-video-preview":"max-video-preview:-1"},"canonical":"https:\/\/www.strauch-lu.de\/kommunal\/blog\/2020\/08\/25\/start-in-die-maissaison-2020\/","og_locale":"de_DE","og_type":"article","og_title":"Start in die Maissaison 2020 - Johannes Jan\u00dfen","og_description":"Heute sind unsere ersten Maish\u00e4ckselkolonnen in die Maiserntesaison 2020 gestartet. Nachstehend die ersten Impressionen aus diesem Jahr. &nbsp; 10 bis 12-reihige Komplettl\u00f6sung Die Kombination der Maish\u00e4cksler mit unseren Transportgespannen und die richtige Verdichtung der Silage durch unsere Radlader gew\u00e4hrleistet Ihnen &hellip; Weiter","og_url":"https:\/\/www.strauch-lu.de\/kommunal\/blog\/2020\/08\/25\/start-in-die-maissaison-2020\/","og_site_name":"Johannes Jan\u00dfen","article_published_time":"2020-08-25T08:29:39+00:00","article_modified_time":"2020-09-04T14:47:13+00:00","og_image":[{"width":723,"height":1115,"url":"https:\/\/www.strauch-lu.de\/kommunal\/wp-content\/uploads\/sites\/3\/2020\/08\/IMG-20200825-WA0007.jpg","type":"image\/jpeg"}],"author":"Strauch","twitter_card":"summary_large_image","twitter_misc":{"Verfasst von":"Strauch","Gesch\u00e4tzte Lesezeit":"1\u00a0Minute"},"schema":{"@context":"https:\/\/schema.org","@graph":[{"@type":"WebPage","@id":"https:\/\/www.strauch-lu.de\/kommunal\/blog\/2020\/08\/25\/start-in-die-maissaison-2020\/","url":"https:\/\/www.strauch-lu.de\/kommunal\/blog\/2020\/08\/25\/start-in-die-maissaison-2020\/","name":"Start in die Maissaison 2020 - Johannes Jan\u00dfen","isPartOf":{"@id":"https:\/\/www.strauch-lu.de\/kommunal\/#website"},"datePublished":"2020-08-25T08:29:39+00:00","dateModified":"2020-09-04T14:47:13+00:00","author":{"@id":"https:\/\/www.strauch-lu.de\/kommunal\/#\/schema\/person\/7a95abd1e5b92e0060964c1afde058b6"},"breadcrumb":{"@id":"https:\/\/www.strauch-lu.de\/kommunal\/blog\/2020\/08\/25\/start-in-die-maissaison-2020\/#breadcrumb"},"inLanguage":"de","potentialAction":[{"@type":"ReadAction","target":["https:\/\/www.strauch-lu.de\/kommunal\/blog\/2020\/08\/25\/start-in-die-maissaison-2020\/"]}]},{"@type":"BreadcrumbList","@id":"https:\/\/www.strauch-lu.de\/kommunal\/blog\/2020\/08\/25\/start-in-die-maissaison-2020\/#breadcrumb","itemListElement":[{"@type":"ListItem","position":1,"name":"Startseite","item":"https:\/\/www.strauch-lu.de\/kommunal\/"},{"@type":"ListItem","position":2,"name":"Start in die Maissaison 2020"}]},{"@type":"WebSite","@id":"https:\/\/www.strauch-lu.de\/kommunal\/#website","url":"https:\/\/www.strauch-lu.de\/kommunal\/","name":"Johannes Jan\u00dfen","description":"Ein Unternehmen der Strauch-Gruppe","potentialAction":[{"@type":"SearchAction","target":{"@type":"EntryPoint","urlTemplate":"https:\/\/www.strauch-lu.de\/kommunal\/?s={search_term_string}"},"query-input":"required name=search_term_string"}],"inLanguage":"de"},{"@type":"Person","@id":"https:\/\/www.strauch-lu.de\/kommunal\/#\/schema\/person\/7a95abd1e5b92e0060964c1afde058b6","name":"Strauch","sameAs":["https:\/\/www.instagram.com\/agrarservicestrauch\/?hl=de"],"url":"https:\/\/www.strauch-lu.de\/kommunal\/blog\/author\/49605aba052da9b3\/"}]}},"_links":{"self":[{"href":"https:\/\/www.strauch-lu.de\/kommunal\/wp-json\/wp\/v2\/posts\/2446"}],"collection":[{"href":"https:\/\/www.strauch-lu.de\/kommunal\/wp-json\/wp\/v2\/posts"}],"about":[{"href":"https:\/\/www.strauch-lu.de\/kommunal\/wp-json\/wp\/v2\/types\/post"}],"author":[{"embeddable":true,"href":"https:\/\/www.strauch-lu.de\/kommunal\/wp-json\/wp\/v2\/users\/2"}],"replies":[{"embeddable":true,"href":"https:\/\/www.strauch-lu.de\/kommunal\/wp-json\/wp\/v2\/comments?post=2446"}],"version-history":[{"count":9,"href":"https:\/\/www.strauch-lu.de\/kommunal\/wp-json\/wp\/v2\/posts\/2446\/revisions"}],"predecessor-version":[{"id":2480,"href":"https:\/\/www.strauch-lu.de\/kommunal\/wp-json\/wp\/v2\/posts\/2446\/revisions\/2480"}],"wp:attachment":[{"href":"https:\/\/www.strauch-lu.de\/kommunal\/wp-json\/wp\/v2\/media?parent=2446"}],"wp:term":[{"taxonomy":"category","embeddable":true,"href":"https:\/\/www.strauch-lu.de\/kommunal\/wp-json\/wp\/v2\/categories?post=2446"},{"taxonomy":"post_tag","embeddable":true,"href":"https:\/\/www.strauch-lu.de\/kommunal\/wp-json\/wp\/v2\/tags?post=2446"}],"curies":[{"name":"wp","href":"https:\/\/api.w.org\/{rel}","templated":true}]}}