{"id":1992,"date":"2020-06-19T15:42:28","date_gmt":"2020-06-19T13:42:28","guid":{"rendered":"https:\/\/www.strauch-lu.de\/?p=1992"},"modified":"2020-06-19T15:45:46","modified_gmt":"2020-06-19T13:45:46","slug":"gruenland-nachsaat","status":"publish","type":"post","link":"https:\/\/www.strauch-lu.de\/kommunal\/blog\/2020\/06\/19\/gruenland-nachsaat\/","title":{"rendered":"Gr\u00fcnland Nachsaat"},"content":{"rendered":"<div id=\"pl-1992\"  class=\"panel-layout\" ><div id=\"pg-1992-0\"  class=\"panel-grid panel-no-style\" ><div id=\"pgc-1992-0-0\"  class=\"panel-grid-cell\" ><div id=\"panel-1992-0-0-0\" class=\"so-panel widget widget_media_image panel-first-child panel-last-child\" data-index=\"0\" ><img class=\"image \" src=\"https:\/\/www.strauch-lu.de\/wp-content\/uploads\/2020\/06\/IMG-20200615-WA0002-300x225.jpg\" alt=\"\" width=\"300\" height=\"225\" \/><\/div><\/div><div id=\"pgc-1992-0-1\"  class=\"panel-grid-cell\" ><div id=\"panel-1992-0-1-0\" class=\"so-panel widget widget_media_image panel-first-child panel-last-child\" data-index=\"1\" ><img class=\"image \" src=\"https:\/\/www.strauch-lu.de\/wp-content\/uploads\/2020\/06\/852-889-300x200.jpg\" alt=\"\" width=\"333\" height=\"222\" \/><\/div><\/div><div id=\"pgc-1992-0-2\"  class=\"panel-grid-cell\" ><div id=\"panel-1992-0-2-0\" class=\"so-panel widget widget_media_image panel-first-child panel-last-child\" data-index=\"2\" ><img width=\"300\" height=\"225\" src=\"https:\/\/www.strauch-lu.de\/kommunal\/wp-content\/uploads\/sites\/3\/2020\/06\/IMG-20200615-WA0000-300x225.jpg\" class=\"image wp-image-1993  attachment-medium size-medium\" alt=\"\" loading=\"lazy\" style=\"max-width: 100%; height: auto;\" srcset=\"https:\/\/www.strauch-lu.de\/kommunal\/wp-content\/uploads\/sites\/3\/2020\/06\/IMG-20200615-WA0000-300x225.jpg 300w, https:\/\/www.strauch-lu.de\/kommunal\/wp-content\/uploads\/sites\/3\/2020\/06\/IMG-20200615-WA0000-1024x768.jpg 1024w, https:\/\/www.strauch-lu.de\/kommunal\/wp-content\/uploads\/sites\/3\/2020\/06\/IMG-20200615-WA0000-768x576.jpg 768w, https:\/\/www.strauch-lu.de\/kommunal\/wp-content\/uploads\/sites\/3\/2020\/06\/IMG-20200615-WA0000-1536x1152.jpg 1536w, https:\/\/www.strauch-lu.de\/kommunal\/wp-content\/uploads\/sites\/3\/2020\/06\/IMG-20200615-WA0000.jpg 1600w\" sizes=\"(max-width: 300px) 100vw, 300px\" \/><\/div><\/div><\/div><div id=\"pg-1992-1\"  class=\"panel-grid panel-no-style\" ><div id=\"pgc-1992-1-0\"  class=\"panel-grid-cell\" ><div id=\"panel-1992-1-0-0\" class=\"so-panel widget widget_text panel-first-child panel-last-child\" data-index=\"3\" ><h3 class=\"widget-title\">Jetzt wieder an die Nachsaat denken!<\/h3>\t\t\t<div class=\"textwidget\"><p>Auch unter schwierigen Bedingungen ein voller Erfolg!<\/p>\n<p>Nach dem ersten Schnitt kann die Durchsaat mit unserer Vredo-Druchs\u00e4maschine sehr Ertragbringend sein. Durch den engen Reihenstand vom Doppelscheiben-System wird die Saat gleichm\u00e4\u00dfig und direkt in den Boden eingebracht. Durch diese Schlitztechnik haben wir am Ende eine sehr hohe Keimrate. Auch bei Trockenheit wird mit Hilfe der Cambrigewalze ein perfekter Bodenabschluss geschaffen und so die Bestockung der Altnarbe angeregt.<\/p>\n<p>Sichern Sie sich Ihre Ertr\u00e4ge im Gr\u00fcnland und schlie\u00dfen Sie Futterl\u00fccken mithilfe unserer Technik!<\/p>\n<\/div>\n\t\t<\/div><\/div><\/div><div id=\"pg-1992-2\"  class=\"panel-grid panel-no-style\" ><div id=\"pgc-1992-2-0\"  class=\"panel-grid-cell\" ><div id=\"panel-1992-2-0-0\" class=\"so-panel widget widget_media_image panel-first-child panel-last-child\" data-index=\"4\" ><figure class=\"thumbnail wp-caption alignnone\" style=\"width: 800px\"><img class=\"image \" src=\"https:\/\/www.strauch-lu.de\/wp-content\/uploads\/2020\/06\/csm_U273-grass-graphic_d6eae6d8bd.jpg\" alt=\"\" width=\"800\" height=\"191\" \/><figcaption class=\"caption wp-caption-text\">Von der Saat bis zur Ernte<\/figcaption><\/figure><\/div><\/div><\/div><div id=\"pg-1992-3\"  class=\"panel-grid panel-no-style\" ><div id=\"pgc-1992-3-0\"  class=\"panel-grid-cell\" ><div id=\"panel-1992-3-0-0\" class=\"so-panel widget widget_sow-button panel-first-child panel-last-child\" data-index=\"5\" ><div\n\t\t\t\n\t\t\tclass=\"so-widget-sow-button so-widget-sow-button-atom-17fa11b173ac-1992\"\n\t\t\t\n\t\t><div class=\"ow-button-base ow-button-align-center\">\n\t<a href=\"https:\/\/www.strauch-lu.de\/kommunal\/kontakt\/\" class=\"ow-icon-placement-left ow-button-hover\" \t\t>\n\t\t<span>\n\t\t\t\n\t\t\tKONTAKT\t\t<\/span>\n\t<\/a>\n<\/div>\n<\/div><\/div><\/div><\/div><\/div>","protected":false},"excerpt":{"rendered":"<p>Auch unter schwierigen Bedingungen ein voller Erfolg! Nach dem ersten Schnitt kann die Durchsaat mit unserer Vredo-Druchs\u00e4maschine sehr Ertragbringend sein. Durch den engen Reihenstand vom Doppelscheiben-System wird die Saat gleichm\u00e4\u00dfig und direkt in den Boden eingebracht. Durch diese Schlitztechnik haben &hellip; <a href=\"https:\/\/www.strauch-lu.de\/kommunal\/blog\/2020\/06\/19\/gruenland-nachsaat\/\">Weiter<\/a><\/p>\n","protected":false},"author":2,"featured_media":0,"comment_status":"open","ping_status":"open","sticky":false,"template":"","format":"standard","meta":{"kt_blocks_editor_width":""},"categories":[5,1],"tags":[],"yoast_head":"<!-- This site is optimized with the Yoast SEO plugin v20.2.1 - https:\/\/yoast.com\/wordpress\/plugins\/seo\/ -->\n<title>Gr\u00fcnland Nachsaat - Johannes Jan\u00dfen<\/title>\n<meta name=\"robots\" content=\"index, follow, max-snippet:-1, max-image-preview:large, max-video-preview:-1\" \/>\n<link rel=\"canonical\" href=\"https:\/\/www.strauch-lu.de\/kommunal\/blog\/2020\/06\/19\/gruenland-nachsaat\/\" \/>\n<meta property=\"og:locale\" content=\"de_DE\" \/>\n<meta property=\"og:type\" content=\"article\" \/>\n<meta property=\"og:title\" content=\"Gr\u00fcnland Nachsaat - Johannes Jan\u00dfen\" \/>\n<meta property=\"og:description\" content=\"Auch unter schwierigen Bedingungen ein voller Erfolg! Nach dem ersten Schnitt kann die Durchsaat mit unserer Vredo-Druchs\u00e4maschine sehr Ertragbringend sein. Durch den engen Reihenstand vom Doppelscheiben-System wird die Saat gleichm\u00e4\u00dfig und direkt in den Boden eingebracht. Durch diese Schlitztechnik haben &hellip; Weiter\" \/>\n<meta property=\"og:url\" content=\"https:\/\/www.strauch-lu.de\/kommunal\/blog\/2020\/06\/19\/gruenland-nachsaat\/\" \/>\n<meta property=\"og:site_name\" content=\"Johannes Jan\u00dfen\" \/>\n<meta property=\"article:published_time\" content=\"2020-06-19T13:42:28+00:00\" \/>\n<meta property=\"article:modified_time\" content=\"2020-06-19T13:45:46+00:00\" \/>\n<meta property=\"og:image\" content=\"https:\/\/www.strauch-lu.de\/kommunal\/wp-content\/uploads\/sites\/3\/2020\/06\/IMG-20200615-WA0001-1.jpg\" \/>\n\t<meta property=\"og:image:width\" content=\"1600\" \/>\n\t<meta property=\"og:image:height\" content=\"1200\" \/>\n\t<meta property=\"og:image:type\" content=\"image\/jpeg\" \/>\n<meta name=\"author\" content=\"Strauch\" \/>\n<meta name=\"twitter:card\" content=\"summary_large_image\" \/>\n<meta name=\"twitter:label1\" content=\"Verfasst von\" \/>\n\t<meta name=\"twitter:data1\" content=\"Strauch\" \/>\n\t<meta name=\"twitter:label2\" content=\"Gesch\u00e4tzte Lesezeit\" \/>\n\t<meta name=\"twitter:data2\" content=\"1\u00a0Minute\" \/>\n<script type=\"application\/ld+json\" class=\"yoast-schema-graph\">{\"@context\":\"https:\/\/schema.org\",\"@graph\":[{\"@type\":\"WebPage\",\"@id\":\"https:\/\/www.strauch-lu.de\/kommunal\/blog\/2020\/06\/19\/gruenland-nachsaat\/\",\"url\":\"https:\/\/www.strauch-lu.de\/kommunal\/blog\/2020\/06\/19\/gruenland-nachsaat\/\",\"name\":\"Gr\u00fcnland Nachsaat - Johannes Jan\u00dfen\",\"isPartOf\":{\"@id\":\"https:\/\/www.strauch-lu.de\/kommunal\/#website\"},\"datePublished\":\"2020-06-19T13:42:28+00:00\",\"dateModified\":\"2020-06-19T13:45:46+00:00\",\"author\":{\"@id\":\"https:\/\/www.strauch-lu.de\/kommunal\/#\/schema\/person\/7a95abd1e5b92e0060964c1afde058b6\"},\"breadcrumb\":{\"@id\":\"https:\/\/www.strauch-lu.de\/kommunal\/blog\/2020\/06\/19\/gruenland-nachsaat\/#breadcrumb\"},\"inLanguage\":\"de\",\"potentialAction\":[{\"@type\":\"ReadAction\",\"target\":[\"https:\/\/www.strauch-lu.de\/kommunal\/blog\/2020\/06\/19\/gruenland-nachsaat\/\"]}]},{\"@type\":\"BreadcrumbList\",\"@id\":\"https:\/\/www.strauch-lu.de\/kommunal\/blog\/2020\/06\/19\/gruenland-nachsaat\/#breadcrumb\",\"itemListElement\":[{\"@type\":\"ListItem\",\"position\":1,\"name\":\"Startseite\",\"item\":\"https:\/\/www.strauch-lu.de\/kommunal\/\"},{\"@type\":\"ListItem\",\"position\":2,\"name\":\"Gr\u00fcnland Nachsaat\"}]},{\"@type\":\"WebSite\",\"@id\":\"https:\/\/www.strauch-lu.de\/kommunal\/#website\",\"url\":\"https:\/\/www.strauch-lu.de\/kommunal\/\",\"name\":\"Johannes Jan\u00dfen\",\"description\":\"Ein Unternehmen der Strauch-Gruppe\",\"potentialAction\":[{\"@type\":\"SearchAction\",\"target\":{\"@type\":\"EntryPoint\",\"urlTemplate\":\"https:\/\/www.strauch-lu.de\/kommunal\/?s={search_term_string}\"},\"query-input\":\"required name=search_term_string\"}],\"inLanguage\":\"de\"},{\"@type\":\"Person\",\"@id\":\"https:\/\/www.strauch-lu.de\/kommunal\/#\/schema\/person\/7a95abd1e5b92e0060964c1afde058b6\",\"name\":\"Strauch\",\"sameAs\":[\"https:\/\/www.instagram.com\/agrarservicestrauch\/?hl=de\"],\"url\":\"https:\/\/www.strauch-lu.de\/kommunal\/blog\/author\/49605aba052da9b3\/\"}]}<\/script>\n<!-- \/ Yoast SEO plugin. -->","yoast_head_json":{"title":"Gr\u00fcnland Nachsaat - Johannes Jan\u00dfen","robots":{"index":"index","follow":"follow","max-snippet":"max-snippet:-1","max-image-preview":"max-image-preview:large","max-video-preview":"max-video-preview:-1"},"canonical":"https:\/\/www.strauch-lu.de\/kommunal\/blog\/2020\/06\/19\/gruenland-nachsaat\/","og_locale":"de_DE","og_type":"article","og_title":"Gr\u00fcnland Nachsaat - Johannes Jan\u00dfen","og_description":"Auch unter schwierigen Bedingungen ein voller Erfolg! Nach dem ersten Schnitt kann die Durchsaat mit unserer Vredo-Druchs\u00e4maschine sehr Ertragbringend sein. Durch den engen Reihenstand vom Doppelscheiben-System wird die Saat gleichm\u00e4\u00dfig und direkt in den Boden eingebracht. Durch diese Schlitztechnik haben &hellip; Weiter","og_url":"https:\/\/www.strauch-lu.de\/kommunal\/blog\/2020\/06\/19\/gruenland-nachsaat\/","og_site_name":"Johannes Jan\u00dfen","article_published_time":"2020-06-19T13:42:28+00:00","article_modified_time":"2020-06-19T13:45:46+00:00","og_image":[{"width":1600,"height":1200,"url":"https:\/\/www.strauch-lu.de\/kommunal\/wp-content\/uploads\/sites\/3\/2020\/06\/IMG-20200615-WA0001-1.jpg","type":"image\/jpeg"}],"author":"Strauch","twitter_card":"summary_large_image","twitter_misc":{"Verfasst von":"Strauch","Gesch\u00e4tzte Lesezeit":"1\u00a0Minute"},"schema":{"@context":"https:\/\/schema.org","@graph":[{"@type":"WebPage","@id":"https:\/\/www.strauch-lu.de\/kommunal\/blog\/2020\/06\/19\/gruenland-nachsaat\/","url":"https:\/\/www.strauch-lu.de\/kommunal\/blog\/2020\/06\/19\/gruenland-nachsaat\/","name":"Gr\u00fcnland Nachsaat - Johannes Jan\u00dfen","isPartOf":{"@id":"https:\/\/www.strauch-lu.de\/kommunal\/#website"},"datePublished":"2020-06-19T13:42:28+00:00","dateModified":"2020-06-19T13:45:46+00:00","author":{"@id":"https:\/\/www.strauch-lu.de\/kommunal\/#\/schema\/person\/7a95abd1e5b92e0060964c1afde058b6"},"breadcrumb":{"@id":"https:\/\/www.strauch-lu.de\/kommunal\/blog\/2020\/06\/19\/gruenland-nachsaat\/#breadcrumb"},"inLanguage":"de","potentialAction":[{"@type":"ReadAction","target":["https:\/\/www.strauch-lu.de\/kommunal\/blog\/2020\/06\/19\/gruenland-nachsaat\/"]}]},{"@type":"BreadcrumbList","@id":"https:\/\/www.strauch-lu.de\/kommunal\/blog\/2020\/06\/19\/gruenland-nachsaat\/#breadcrumb","itemListElement":[{"@type":"ListItem","position":1,"name":"Startseite","item":"https:\/\/www.strauch-lu.de\/kommunal\/"},{"@type":"ListItem","position":2,"name":"Gr\u00fcnland Nachsaat"}]},{"@type":"WebSite","@id":"https:\/\/www.strauch-lu.de\/kommunal\/#website","url":"https:\/\/www.strauch-lu.de\/kommunal\/","name":"Johannes Jan\u00dfen","description":"Ein Unternehmen der Strauch-Gruppe","potentialAction":[{"@type":"SearchAction","target":{"@type":"EntryPoint","urlTemplate":"https:\/\/www.strauch-lu.de\/kommunal\/?s={search_term_string}"},"query-input":"required name=search_term_string"}],"inLanguage":"de"},{"@type":"Person","@id":"https:\/\/www.strauch-lu.de\/kommunal\/#\/schema\/person\/7a95abd1e5b92e0060964c1afde058b6","name":"Strauch","sameAs":["https:\/\/www.instagram.com\/agrarservicestrauch\/?hl=de"],"url":"https:\/\/www.strauch-lu.de\/kommunal\/blog\/author\/49605aba052da9b3\/"}]}},"_links":{"self":[{"href":"https:\/\/www.strauch-lu.de\/kommunal\/wp-json\/wp\/v2\/posts\/1992"}],"collection":[{"href":"https:\/\/www.strauch-lu.de\/kommunal\/wp-json\/wp\/v2\/posts"}],"about":[{"href":"https:\/\/www.strauch-lu.de\/kommunal\/wp-json\/wp\/v2\/types\/post"}],"author":[{"embeddable":true,"href":"https:\/\/www.strauch-lu.de\/kommunal\/wp-json\/wp\/v2\/users\/2"}],"replies":[{"embeddable":true,"href":"https:\/\/www.strauch-lu.de\/kommunal\/wp-json\/wp\/v2\/comments?post=1992"}],"version-history":[{"count":16,"href":"https:\/\/www.strauch-lu.de\/kommunal\/wp-json\/wp\/v2\/posts\/1992\/revisions"}],"predecessor-version":[{"id":2308,"href":"https:\/\/www.strauch-lu.de\/kommunal\/wp-json\/wp\/v2\/posts\/1992\/revisions\/2308"}],"wp:attachment":[{"href":"https:\/\/www.strauch-lu.de\/kommunal\/wp-json\/wp\/v2\/media?parent=1992"}],"wp:term":[{"taxonomy":"category","embeddable":true,"href":"https:\/\/www.strauch-lu.de\/kommunal\/wp-json\/wp\/v2\/categories?post=1992"},{"taxonomy":"post_tag","embeddable":true,"href":"https:\/\/www.strauch-lu.de\/kommunal\/wp-json\/wp\/v2\/tags?post=1992"}],"curies":[{"name":"wp","href":"https:\/\/api.w.org\/{rel}","templated":true}]}}