{"id":1685,"date":"2020-02-20T08:00:56","date_gmt":"2020-02-20T07:00:56","guid":{"rendered":"https:\/\/www.strauch-lu.de\/?p=1685"},"modified":"2020-06-09T13:12:59","modified_gmt":"2020-06-09T11:12:59","slug":"wirtschaftsduengerausbringung-2020","status":"publish","type":"post","link":"https:\/\/www.strauch-lu.de\/kommunal\/blog\/2020\/02\/20\/wirtschaftsduengerausbringung-2020\/","title":{"rendered":"Wirtschaftsd\u00fcngerausbringung 2020"},"content":{"rendered":"<div id=\"pl-1685\"  class=\"panel-layout\" ><div id=\"pg-1685-0\"  class=\"panel-grid panel-no-style\" ><div id=\"pgc-1685-0-0\"  class=\"panel-grid-cell\" ><div id=\"panel-1685-0-0-0\" class=\"so-panel widget widget_media_image panel-first-child panel-last-child\" data-index=\"0\" ><img class=\"image \" src=\"https:\/\/www.strauch-lu.de\/wp-content\/uploads\/2020\/04\/April-2020-05-1024x576.jpg\" alt=\"\" width=\"1600\" height=\"900\" \/><\/div><\/div><\/div><div id=\"pg-1685-1\"  class=\"panel-grid panel-no-style\" ><div id=\"pgc-1685-1-0\"  class=\"panel-grid-cell\" ><div id=\"panel-1685-1-0-0\" class=\"so-panel widget widget_text panel-first-child\" data-index=\"1\" ><h3 class=\"widget-title\">Wirtschaftsd\u00fcngerausbringung<\/h3>\t\t\t<div class=\"textwidget\"><\/div>\n\t\t<\/div><div id=\"panel-1685-1-0-1\" class=\"so-panel widget widget_text panel-last-child\" data-index=\"2\" >\t\t\t<div class=\"textwidget\"><p>G\u00fclle ist ein Hochwertiger Wirtschaftsd\u00fcnger. Wir bringen ihn verlustarm, schlagkr\u00e4ftig und bodenschonend in die Erde. Moderste GPS-basierte Technik gew\u00e4hrleistet eine exakte G\u00fclleverteilung. Anbauger\u00e4te mit Schlitz-\/ Schleppschuhverteilung sowie Grubber und Scheibenegge arbeiten die G\u00fclle emissionsarm und umweltschonend ein.<\/p>\n<p>Zur G\u00fclleausbringung stehen uns zwei Vredos G\u00fclleTracs mit Hundegang zur G\u00fclleinjektion, zwei G\u00fcllef\u00e4sser &#8222;Schuitemaker Robusta&#8220; 20m\u00b3 sowie ein G\u00fcllefa\u00df &#8222;Schuitemaker Perfekta 200&#8220; 20m\u00b3 zur Verf\u00fcgung. Auf Getreidebest\u00e4nden kann die G\u00fcle auch per Schleppschuh und Schlitztechnik ausgebracht werden.<\/p>\n<p>Die G\u00fclleausbringung erfolgt stets im Rahmen der gesetzlichen Bestimmungen (D\u00fcngeverordnung) &#8211; inklusive der fl\u00e4chenspezifischen Dokumentation zur ausgebrachten G\u00fclle &#8211; und N\u00e4hrstoffmengen sowie der erbrachten Arbeitsqualit\u00e4t.<\/p>\n<\/div>\n\t\t<\/div><\/div><\/div><div id=\"pg-1685-2\"  class=\"panel-grid panel-no-style\" ><div id=\"pgc-1685-2-0\"  class=\"panel-grid-cell\" ><div id=\"panel-1685-2-0-0\" class=\"so-panel widget widget_sow-button panel-first-child panel-last-child\" data-index=\"3\" ><div\n\t\t\t\n\t\t\tclass=\"so-widget-sow-button so-widget-sow-button-atom-e384ac97b6e6-1685\"\n\t\t\t\n\t\t><div class=\"ow-button-base ow-button-align-center\">\n\t<a href=\"https:\/\/www.strauch-lu.de\/kommunal\/portfolio\/vegetationskontrolle\/\" class=\"ow-icon-placement-left ow-button-hover\" \t\t>\n\t\t<span>\n\t\t\t\n\t\t\tMEHR ERFAHREN\t\t<\/span>\n\t<\/a>\n<\/div>\n<\/div><\/div><\/div><\/div><\/div>","protected":false},"excerpt":{"rendered":"<p>G\u00fclle ist ein Hochwertiger Wirtschaftsd\u00fcnger. Wir bringen ihn verlustarm, schlagkr\u00e4ftig und bodenschonend in die Erde. Moderste GPS-basierte Technik gew\u00e4hrleistet eine exakte G\u00fclleverteilung. Anbauger\u00e4te mit Schlitz-\/ Schleppschuhverteilung sowie Grubber und Scheibenegge arbeiten die G\u00fclle emissionsarm und umweltschonend ein. Zur G\u00fclleausbringung stehen &hellip; <a href=\"https:\/\/www.strauch-lu.de\/kommunal\/blog\/2020\/02\/20\/wirtschaftsduengerausbringung-2020\/\">Weiter<\/a><\/p>\n","protected":false},"author":2,"featured_media":0,"comment_status":"open","ping_status":"open","sticky":false,"template":"","format":"standard","meta":{"kt_blocks_editor_width":""},"categories":[5],"tags":[26,31,32,35,33,34,30],"yoast_head":"<!-- This site is optimized with the Yoast SEO plugin v20.2.1 - https:\/\/yoast.com\/wordpress\/plugins\/seo\/ -->\n<title>Wirtschaftsd\u00fcngerausbringung 2020 - Johannes Jan\u00dfen<\/title>\n<meta name=\"robots\" content=\"index, follow, max-snippet:-1, max-image-preview:large, max-video-preview:-1\" \/>\n<link rel=\"canonical\" href=\"https:\/\/www.strauch-lu.de\/kommunal\/blog\/2020\/02\/20\/wirtschaftsduengerausbringung-2020\/\" \/>\n<meta property=\"og:locale\" content=\"de_DE\" \/>\n<meta property=\"og:type\" content=\"article\" \/>\n<meta property=\"og:title\" content=\"Wirtschaftsd\u00fcngerausbringung 2020 - Johannes Jan\u00dfen\" \/>\n<meta property=\"og:description\" content=\"G\u00fclle ist ein Hochwertiger Wirtschaftsd\u00fcnger. Wir bringen ihn verlustarm, schlagkr\u00e4ftig und bodenschonend in die Erde. Moderste GPS-basierte Technik gew\u00e4hrleistet eine exakte G\u00fclleverteilung. Anbauger\u00e4te mit Schlitz-\/ Schleppschuhverteilung sowie Grubber und Scheibenegge arbeiten die G\u00fclle emissionsarm und umweltschonend ein. Zur G\u00fclleausbringung stehen &hellip; Weiter\" \/>\n<meta property=\"og:url\" content=\"https:\/\/www.strauch-lu.de\/kommunal\/blog\/2020\/02\/20\/wirtschaftsduengerausbringung-2020\/\" \/>\n<meta property=\"og:site_name\" content=\"Johannes Jan\u00dfen\" \/>\n<meta property=\"article:published_time\" content=\"2020-02-20T07:00:56+00:00\" \/>\n<meta property=\"article:modified_time\" content=\"2020-06-09T11:12:59+00:00\" \/>\n<meta property=\"og:image\" content=\"https:\/\/www.strauch-lu.de\/kommunal\/wp-content\/uploads\/sites\/3\/2020\/02\/Vredo-02.jpg\" \/>\n\t<meta property=\"og:image:width\" content=\"960\" \/>\n\t<meta property=\"og:image:height\" content=\"720\" \/>\n\t<meta property=\"og:image:type\" content=\"image\/jpeg\" \/>\n<meta name=\"author\" content=\"Strauch\" \/>\n<meta name=\"twitter:card\" content=\"summary_large_image\" \/>\n<meta name=\"twitter:label1\" content=\"Verfasst von\" \/>\n\t<meta name=\"twitter:data1\" content=\"Strauch\" \/>\n\t<meta name=\"twitter:label2\" content=\"Gesch\u00e4tzte Lesezeit\" \/>\n\t<meta name=\"twitter:data2\" content=\"1\u00a0Minute\" \/>\n<script type=\"application\/ld+json\" class=\"yoast-schema-graph\">{\"@context\":\"https:\/\/schema.org\",\"@graph\":[{\"@type\":\"WebPage\",\"@id\":\"https:\/\/www.strauch-lu.de\/kommunal\/blog\/2020\/02\/20\/wirtschaftsduengerausbringung-2020\/\",\"url\":\"https:\/\/www.strauch-lu.de\/kommunal\/blog\/2020\/02\/20\/wirtschaftsduengerausbringung-2020\/\",\"name\":\"Wirtschaftsd\u00fcngerausbringung 2020 - Johannes Jan\u00dfen\",\"isPartOf\":{\"@id\":\"https:\/\/www.strauch-lu.de\/kommunal\/#website\"},\"datePublished\":\"2020-02-20T07:00:56+00:00\",\"dateModified\":\"2020-06-09T11:12:59+00:00\",\"author\":{\"@id\":\"https:\/\/www.strauch-lu.de\/kommunal\/#\/schema\/person\/7a95abd1e5b92e0060964c1afde058b6\"},\"breadcrumb\":{\"@id\":\"https:\/\/www.strauch-lu.de\/kommunal\/blog\/2020\/02\/20\/wirtschaftsduengerausbringung-2020\/#breadcrumb\"},\"inLanguage\":\"de\",\"potentialAction\":[{\"@type\":\"ReadAction\",\"target\":[\"https:\/\/www.strauch-lu.de\/kommunal\/blog\/2020\/02\/20\/wirtschaftsduengerausbringung-2020\/\"]}]},{\"@type\":\"BreadcrumbList\",\"@id\":\"https:\/\/www.strauch-lu.de\/kommunal\/blog\/2020\/02\/20\/wirtschaftsduengerausbringung-2020\/#breadcrumb\",\"itemListElement\":[{\"@type\":\"ListItem\",\"position\":1,\"name\":\"Startseite\",\"item\":\"https:\/\/www.strauch-lu.de\/kommunal\/\"},{\"@type\":\"ListItem\",\"position\":2,\"name\":\"Wirtschaftsd\u00fcngerausbringung 2020\"}]},{\"@type\":\"WebSite\",\"@id\":\"https:\/\/www.strauch-lu.de\/kommunal\/#website\",\"url\":\"https:\/\/www.strauch-lu.de\/kommunal\/\",\"name\":\"Johannes Jan\u00dfen\",\"description\":\"Ein Unternehmen der Strauch-Gruppe\",\"potentialAction\":[{\"@type\":\"SearchAction\",\"target\":{\"@type\":\"EntryPoint\",\"urlTemplate\":\"https:\/\/www.strauch-lu.de\/kommunal\/?s={search_term_string}\"},\"query-input\":\"required name=search_term_string\"}],\"inLanguage\":\"de\"},{\"@type\":\"Person\",\"@id\":\"https:\/\/www.strauch-lu.de\/kommunal\/#\/schema\/person\/7a95abd1e5b92e0060964c1afde058b6\",\"name\":\"Strauch\",\"sameAs\":[\"https:\/\/www.instagram.com\/agrarservicestrauch\/?hl=de\"],\"url\":\"https:\/\/www.strauch-lu.de\/kommunal\/blog\/author\/49605aba052da9b3\/\"}]}<\/script>\n<!-- \/ Yoast SEO plugin. -->","yoast_head_json":{"title":"Wirtschaftsd\u00fcngerausbringung 2020 - Johannes Jan\u00dfen","robots":{"index":"index","follow":"follow","max-snippet":"max-snippet:-1","max-image-preview":"max-image-preview:large","max-video-preview":"max-video-preview:-1"},"canonical":"https:\/\/www.strauch-lu.de\/kommunal\/blog\/2020\/02\/20\/wirtschaftsduengerausbringung-2020\/","og_locale":"de_DE","og_type":"article","og_title":"Wirtschaftsd\u00fcngerausbringung 2020 - Johannes Jan\u00dfen","og_description":"G\u00fclle ist ein Hochwertiger Wirtschaftsd\u00fcnger. Wir bringen ihn verlustarm, schlagkr\u00e4ftig und bodenschonend in die Erde. Moderste GPS-basierte Technik gew\u00e4hrleistet eine exakte G\u00fclleverteilung. Anbauger\u00e4te mit Schlitz-\/ Schleppschuhverteilung sowie Grubber und Scheibenegge arbeiten die G\u00fclle emissionsarm und umweltschonend ein. Zur G\u00fclleausbringung stehen &hellip; Weiter","og_url":"https:\/\/www.strauch-lu.de\/kommunal\/blog\/2020\/02\/20\/wirtschaftsduengerausbringung-2020\/","og_site_name":"Johannes Jan\u00dfen","article_published_time":"2020-02-20T07:00:56+00:00","article_modified_time":"2020-06-09T11:12:59+00:00","og_image":[{"width":960,"height":720,"url":"https:\/\/www.strauch-lu.de\/kommunal\/wp-content\/uploads\/sites\/3\/2020\/02\/Vredo-02.jpg","type":"image\/jpeg"}],"author":"Strauch","twitter_card":"summary_large_image","twitter_misc":{"Verfasst von":"Strauch","Gesch\u00e4tzte Lesezeit":"1\u00a0Minute"},"schema":{"@context":"https:\/\/schema.org","@graph":[{"@type":"WebPage","@id":"https:\/\/www.strauch-lu.de\/kommunal\/blog\/2020\/02\/20\/wirtschaftsduengerausbringung-2020\/","url":"https:\/\/www.strauch-lu.de\/kommunal\/blog\/2020\/02\/20\/wirtschaftsduengerausbringung-2020\/","name":"Wirtschaftsd\u00fcngerausbringung 2020 - Johannes Jan\u00dfen","isPartOf":{"@id":"https:\/\/www.strauch-lu.de\/kommunal\/#website"},"datePublished":"2020-02-20T07:00:56+00:00","dateModified":"2020-06-09T11:12:59+00:00","author":{"@id":"https:\/\/www.strauch-lu.de\/kommunal\/#\/schema\/person\/7a95abd1e5b92e0060964c1afde058b6"},"breadcrumb":{"@id":"https:\/\/www.strauch-lu.de\/kommunal\/blog\/2020\/02\/20\/wirtschaftsduengerausbringung-2020\/#breadcrumb"},"inLanguage":"de","potentialAction":[{"@type":"ReadAction","target":["https:\/\/www.strauch-lu.de\/kommunal\/blog\/2020\/02\/20\/wirtschaftsduengerausbringung-2020\/"]}]},{"@type":"BreadcrumbList","@id":"https:\/\/www.strauch-lu.de\/kommunal\/blog\/2020\/02\/20\/wirtschaftsduengerausbringung-2020\/#breadcrumb","itemListElement":[{"@type":"ListItem","position":1,"name":"Startseite","item":"https:\/\/www.strauch-lu.de\/kommunal\/"},{"@type":"ListItem","position":2,"name":"Wirtschaftsd\u00fcngerausbringung 2020"}]},{"@type":"WebSite","@id":"https:\/\/www.strauch-lu.de\/kommunal\/#website","url":"https:\/\/www.strauch-lu.de\/kommunal\/","name":"Johannes Jan\u00dfen","description":"Ein Unternehmen der Strauch-Gruppe","potentialAction":[{"@type":"SearchAction","target":{"@type":"EntryPoint","urlTemplate":"https:\/\/www.strauch-lu.de\/kommunal\/?s={search_term_string}"},"query-input":"required name=search_term_string"}],"inLanguage":"de"},{"@type":"Person","@id":"https:\/\/www.strauch-lu.de\/kommunal\/#\/schema\/person\/7a95abd1e5b92e0060964c1afde058b6","name":"Strauch","sameAs":["https:\/\/www.instagram.com\/agrarservicestrauch\/?hl=de"],"url":"https:\/\/www.strauch-lu.de\/kommunal\/blog\/author\/49605aba052da9b3\/"}]}},"_links":{"self":[{"href":"https:\/\/www.strauch-lu.de\/kommunal\/wp-json\/wp\/v2\/posts\/1685"}],"collection":[{"href":"https:\/\/www.strauch-lu.de\/kommunal\/wp-json\/wp\/v2\/posts"}],"about":[{"href":"https:\/\/www.strauch-lu.de\/kommunal\/wp-json\/wp\/v2\/types\/post"}],"author":[{"embeddable":true,"href":"https:\/\/www.strauch-lu.de\/kommunal\/wp-json\/wp\/v2\/users\/2"}],"replies":[{"embeddable":true,"href":"https:\/\/www.strauch-lu.de\/kommunal\/wp-json\/wp\/v2\/comments?post=1685"}],"version-history":[{"count":45,"href":"https:\/\/www.strauch-lu.de\/kommunal\/wp-json\/wp\/v2\/posts\/1685\/revisions"}],"predecessor-version":[{"id":1966,"href":"https:\/\/www.strauch-lu.de\/kommunal\/wp-json\/wp\/v2\/posts\/1685\/revisions\/1966"}],"wp:attachment":[{"href":"https:\/\/www.strauch-lu.de\/kommunal\/wp-json\/wp\/v2\/media?parent=1685"}],"wp:term":[{"taxonomy":"category","embeddable":true,"href":"https:\/\/www.strauch-lu.de\/kommunal\/wp-json\/wp\/v2\/categories?post=1685"},{"taxonomy":"post_tag","embeddable":true,"href":"https:\/\/www.strauch-lu.de\/kommunal\/wp-json\/wp\/v2\/tags?post=1685"}],"curies":[{"name":"wp","href":"https:\/\/api.w.org\/{rel}","templated":true}]}}