{"id":1159,"date":"2021-02-02T08:00:33","date_gmt":"2021-02-02T07:00:33","guid":{"rendered":"http:\/\/localhost:8888\/?p=1159"},"modified":"2021-02-02T11:44:09","modified_gmt":"2021-02-02T10:44:09","slug":"start-in-duengesaison-mit-cultan","status":"publish","type":"post","link":"https:\/\/www.strauch-lu.de\/kommunal\/blog\/2021\/02\/02\/start-in-duengesaison-mit-cultan\/","title":{"rendered":"Start in die D\u00fcngesaison 2021 mit Cultan"},"content":{"rendered":"<div id=\"pl-1159\"  class=\"panel-layout\" ><div id=\"pg-1159-0\"  class=\"panel-grid panel-has-style\" ><div class=\"panel-row-style panel-row-style-for-1159-0\" ><div id=\"pgc-1159-0-0\"  class=\"panel-grid-cell\" ><div id=\"panel-1159-0-0-0\" class=\"so-panel widget widget_media_image panel-first-child panel-last-child\" data-index=\"0\" ><figure class=\"thumbnail wp-caption alignnone\" style=\"width: 1599px\"><img class=\"image \" src=\"https:\/\/www.strauch-lu.de\/wp-content\/uploads\/2020\/02\/Injektror-2021-01.jpg\" alt=\"\" width=\"1599\" height=\"703\" \/><figcaption class=\"caption wp-caption-text\">Fl\u00fcssigd\u00fcnger-Spritze\n<\/figcaption><\/figure><\/div><\/div><\/div><\/div><div id=\"pg-1159-1\"  class=\"panel-grid panel-has-style\" ><div class=\"panel-row-style panel-row-style-for-1159-1\" ><div id=\"pgc-1159-1-0\"  class=\"panel-grid-cell\" ><div id=\"panel-1159-1-0-0\" class=\"so-panel widget widget_text panel-first-child panel-last-child\" data-index=\"1\" ><h3 class=\"widget-title\">CULTAN-D\u00dcNGEVERFAHREN<\/h3>\t\t\t<div class=\"textwidget\"><\/div>\n\t\t<\/div><\/div><\/div><\/div><div id=\"pg-1159-2\"  class=\"panel-grid panel-has-style\" ><div class=\"panel-row-style panel-row-style-for-1159-2\" ><div id=\"pgc-1159-2-0\"  class=\"panel-grid-cell\" ><div id=\"panel-1159-2-0-0\" class=\"so-panel widget widget_text panel-first-child\" data-index=\"2\" >\t\t\t<div class=\"textwidget\"><p>Bei der Cultan D\u00fcngetechnik werden durch die bessere N-Ausnutzung D\u00fcngekosten eingespart und die N-Austr\u00e4ge verringert. Dieser D\u00fcnger wird zu Vegetationsbeginn in Wurzeln\u00e4he als Depot injiziert. Hierdurch wird eine gleichm\u00e4\u00dfige Versorgung des Pflanzenbestandes \u00fcber die gesamte Wachstumszeit gew\u00e4hrleistet.<\/p>\n<\/div>\n\t\t<\/div><div id=\"panel-1159-2-0-1\" class=\"so-panel widget widget_text panel-last-child\" data-index=\"3\" >\t\t\t<div class=\"textwidget\"><p><strong>Vorteile der Fl\u00fcssigd\u00fcnger-Spritze<\/strong><\/p>\n<div class=\"o9v6fnle cxmmr5t8 oygrvhab hcukyx3x c1et5uql ii04i59q\">\n<ul>\n<li dir=\"auto\">GPS gesteuerte Teilbreiten um D\u00fcnger einzusparen<\/li>\n<li dir=\"auto\">Breit bereift<\/li>\n<li dir=\"auto\">Arbeitsbreite von 15, 30 und 36 Meter m\u00f6glich<\/li>\n<\/ul>\n<\/div>\n<p>&nbsp;<\/p>\n<\/div>\n\t\t<\/div><\/div><div id=\"pgc-1159-2-1\"  class=\"panel-grid-cell\" ><div id=\"panel-1159-2-1-0\" class=\"so-panel widget widget_text panel-first-child\" data-index=\"4\" >\t\t\t<div class=\"textwidget\"><p>F\u00fcr eine schnelle und effektive Abwicklung stehen mehrere Fl\u00fcssigd\u00fcngertankwagen zur Verf\u00fcgung.<\/p>\n<ul>\n<li>g\u00fcnstiger N-Preis<\/li>\n<li>exakte Ausbringung<\/li>\n<li>keine N-Auswaschung<\/li>\n<li>bei Trockenheit bessere N-Ausnutzung gegen\u00fcber anderen Verfahren<\/li>\n<\/ul>\n<\/div>\n\t\t<\/div><div id=\"panel-1159-2-1-1\" class=\"so-panel widget widget_text panel-last-child\" data-index=\"5\" >\t\t\t<div class=\"textwidget\"><p><strong>Vorteile des Liquiliser<\/strong><\/p>\n<ul>\n<li>Exakte Aufbringung<\/li>\n<li>Keine Auswaschung<\/li>\n<li>Wurzelnahe Ausbringung<\/li>\n<li>Reifendruckregelanlage<\/li>\n<\/ul>\n<\/div>\n\t\t<\/div><\/div><\/div><\/div><div id=\"pg-1159-3\"  class=\"panel-grid panel-no-style\" ><div id=\"pgc-1159-3-0\"  class=\"panel-grid-cell\" ><div id=\"panel-1159-3-0-0\" class=\"so-panel widget widget_media_image panel-first-child panel-last-child\" data-index=\"6\" ><figure class=\"thumbnail wp-caption alignnone\" style=\"width: 1024px\"><img class=\"image \" src=\"https:\/\/www.strauch-lu.de\/wp-content\/uploads\/2020\/02\/IMG-20200610-WA0005-1024x768.jpg\" alt=\"\" width=\"1024\" height=\"768\" \/><figcaption class=\"caption wp-caption-text\">Liquiliser<\/figcaption><\/figure><\/div><\/div><div id=\"pgc-1159-3-1\"  class=\"panel-grid-cell\" ><div id=\"panel-1159-3-1-0\" class=\"so-panel widget widget_media_image panel-first-child panel-last-child\" data-index=\"7\" ><figure class=\"thumbnail wp-caption alignnone\" style=\"width: 1024px\"><img class=\"image \" src=\"https:\/\/www.strauch-lu.de\/wp-content\/uploads\/2020\/02\/IMG-20200610-WA0006-1024x768.jpg\" alt=\"\" width=\"1024\" height=\"768\" \/><figcaption class=\"caption wp-caption-text\">Liquiliser<\/figcaption><\/figure><\/div><\/div><\/div><div id=\"pg-1159-4\"  class=\"panel-grid panel-has-style\" ><div class=\"panel-row-style panel-row-style-for-1159-4\" ><div id=\"pgc-1159-4-0\"  class=\"panel-grid-cell\" ><div id=\"panel-1159-4-0-0\" class=\"so-panel widget widget_sow-button panel-first-child panel-last-child\" data-index=\"8\" ><div\n\t\t\t\n\t\t\tclass=\"so-widget-sow-button so-widget-sow-button-atom-e384ac97b6e6-1159\"\n\t\t\t\n\t\t><div class=\"ow-button-base ow-button-align-center\">\n\t<a href=\"https:\/\/www.strauch-lu.de\/kommunal\/portfolio\/vegetationskontrolle\/\" class=\"ow-icon-placement-left ow-button-hover\" \t\t>\n\t\t<span>\n\t\t\t\n\t\t\tMEHR ERFAHREN\t\t<\/span>\n\t<\/a>\n<\/div>\n<\/div><\/div><\/div><\/div><\/div><\/div>","protected":false},"excerpt":{"rendered":"<p>Fl\u00fcssigd\u00fcnger-Spritze CULTAN-D\u00dcNGEVERFAHREN Bei der Cultan D\u00fcngetechnik werden durch die bessere N-Ausnutzung D\u00fcngekosten eingespart und die N-Austr\u00e4ge verringert. Dieser D\u00fcnger wird zu Vegetationsbeginn in Wurzeln\u00e4he als Depot injiziert. Hierdurch wird eine gleichm\u00e4\u00dfige Versorgung des Pflanzenbestandes \u00fcber die gesamte Wachstumszeit gew\u00e4hrleistet. Vorteile &hellip; <a href=\"https:\/\/www.strauch-lu.de\/kommunal\/blog\/2021\/02\/02\/start-in-duengesaison-mit-cultan\/\">Weiter<\/a><\/p>\n","protected":false},"author":2,"featured_media":0,"comment_status":"open","ping_status":"open","sticky":false,"template":"","format":"standard","meta":{"kt_blocks_editor_width":""},"categories":[5],"tags":[26,22,28,25,23,29,27,24],"yoast_head":"<!-- This site is optimized with the Yoast SEO plugin v20.2.1 - https:\/\/yoast.com\/wordpress\/plugins\/seo\/ -->\n<title>Cultan-D\u00fcngesaison - Lohnunternehmen Agrar Service Strauch<\/title>\n<meta name=\"description\" content=\"Reduzierung der D\u00fcngekosten durch Cultan-D\u00fcngung. Injizierung des D\u00fcngers direkt in Wurzeln\u00e4he als Depot f\u00fcr eine gleichm\u00e4\u00dfige Versorgung.\" \/>\n<meta name=\"robots\" content=\"index, follow, max-snippet:-1, max-image-preview:large, max-video-preview:-1\" \/>\n<link rel=\"canonical\" href=\"https:\/\/www.strauch-lu.de\/kommunal\/blog\/2021\/02\/02\/start-in-duengesaison-mit-cultan\/\" \/>\n<meta property=\"og:locale\" content=\"de_DE\" \/>\n<meta property=\"og:type\" content=\"article\" \/>\n<meta property=\"og:title\" content=\"Cultan-D\u00fcngesaison - Lohnunternehmen Agrar Service Strauch\" \/>\n<meta property=\"og:description\" content=\"Reduzierung der D\u00fcngekosten durch Cultan-D\u00fcngung. Injizierung des D\u00fcngers direkt in Wurzeln\u00e4he als Depot f\u00fcr eine gleichm\u00e4\u00dfige Versorgung.\" \/>\n<meta property=\"og:url\" content=\"https:\/\/www.strauch-lu.de\/kommunal\/blog\/2021\/02\/02\/start-in-duengesaison-mit-cultan\/\" \/>\n<meta property=\"og:site_name\" content=\"Johannes Jan\u00dfen\" \/>\n<meta property=\"article:published_time\" content=\"2021-02-02T07:00:33+00:00\" \/>\n<meta property=\"article:modified_time\" content=\"2021-02-02T10:44:09+00:00\" \/>\n<meta property=\"og:image\" content=\"https:\/\/www.strauch-lu.de\/kommunal\/wp-content\/uploads\/sites\/3\/2020\/02\/Injektoren-2021-01.jpg\" \/>\n\t<meta property=\"og:image:width\" content=\"727\" \/>\n\t<meta property=\"og:image:height\" content=\"403\" \/>\n\t<meta property=\"og:image:type\" content=\"image\/jpeg\" \/>\n<meta name=\"author\" content=\"Strauch\" \/>\n<meta name=\"twitter:card\" content=\"summary_large_image\" \/>\n<meta name=\"twitter:label1\" content=\"Verfasst von\" \/>\n\t<meta name=\"twitter:data1\" content=\"Strauch\" \/>\n\t<meta name=\"twitter:label2\" content=\"Gesch\u00e4tzte Lesezeit\" \/>\n\t<meta name=\"twitter:data2\" content=\"1\u00a0Minute\" \/>\n<script type=\"application\/ld+json\" class=\"yoast-schema-graph\">{\"@context\":\"https:\/\/schema.org\",\"@graph\":[{\"@type\":\"WebPage\",\"@id\":\"https:\/\/www.strauch-lu.de\/kommunal\/blog\/2021\/02\/02\/start-in-duengesaison-mit-cultan\/\",\"url\":\"https:\/\/www.strauch-lu.de\/kommunal\/blog\/2021\/02\/02\/start-in-duengesaison-mit-cultan\/\",\"name\":\"Cultan-D\u00fcngesaison - Lohnunternehmen Agrar Service Strauch\",\"isPartOf\":{\"@id\":\"https:\/\/www.strauch-lu.de\/kommunal\/#website\"},\"datePublished\":\"2021-02-02T07:00:33+00:00\",\"dateModified\":\"2021-02-02T10:44:09+00:00\",\"author\":{\"@id\":\"https:\/\/www.strauch-lu.de\/kommunal\/#\/schema\/person\/7a95abd1e5b92e0060964c1afde058b6\"},\"description\":\"Reduzierung der D\u00fcngekosten durch Cultan-D\u00fcngung. Injizierung des D\u00fcngers direkt in Wurzeln\u00e4he als Depot f\u00fcr eine gleichm\u00e4\u00dfige Versorgung.\",\"breadcrumb\":{\"@id\":\"https:\/\/www.strauch-lu.de\/kommunal\/blog\/2021\/02\/02\/start-in-duengesaison-mit-cultan\/#breadcrumb\"},\"inLanguage\":\"de\",\"potentialAction\":[{\"@type\":\"ReadAction\",\"target\":[\"https:\/\/www.strauch-lu.de\/kommunal\/blog\/2021\/02\/02\/start-in-duengesaison-mit-cultan\/\"]}]},{\"@type\":\"BreadcrumbList\",\"@id\":\"https:\/\/www.strauch-lu.de\/kommunal\/blog\/2021\/02\/02\/start-in-duengesaison-mit-cultan\/#breadcrumb\",\"itemListElement\":[{\"@type\":\"ListItem\",\"position\":1,\"name\":\"Startseite\",\"item\":\"https:\/\/www.strauch-lu.de\/kommunal\/\"},{\"@type\":\"ListItem\",\"position\":2,\"name\":\"Start in die D\u00fcngesaison 2021 mit Cultan\"}]},{\"@type\":\"WebSite\",\"@id\":\"https:\/\/www.strauch-lu.de\/kommunal\/#website\",\"url\":\"https:\/\/www.strauch-lu.de\/kommunal\/\",\"name\":\"Johannes Jan\u00dfen\",\"description\":\"Ein Unternehmen der Strauch-Gruppe\",\"potentialAction\":[{\"@type\":\"SearchAction\",\"target\":{\"@type\":\"EntryPoint\",\"urlTemplate\":\"https:\/\/www.strauch-lu.de\/kommunal\/?s={search_term_string}\"},\"query-input\":\"required name=search_term_string\"}],\"inLanguage\":\"de\"},{\"@type\":\"Person\",\"@id\":\"https:\/\/www.strauch-lu.de\/kommunal\/#\/schema\/person\/7a95abd1e5b92e0060964c1afde058b6\",\"name\":\"Strauch\",\"sameAs\":[\"https:\/\/www.instagram.com\/agrarservicestrauch\/?hl=de\"],\"url\":\"https:\/\/www.strauch-lu.de\/kommunal\/blog\/author\/49605aba052da9b3\/\"}]}<\/script>\n<!-- \/ Yoast SEO plugin. -->","yoast_head_json":{"title":"Cultan-D\u00fcngesaison - Lohnunternehmen Agrar Service Strauch","description":"Reduzierung der D\u00fcngekosten durch Cultan-D\u00fcngung. Injizierung des D\u00fcngers direkt in Wurzeln\u00e4he als Depot f\u00fcr eine gleichm\u00e4\u00dfige Versorgung.","robots":{"index":"index","follow":"follow","max-snippet":"max-snippet:-1","max-image-preview":"max-image-preview:large","max-video-preview":"max-video-preview:-1"},"canonical":"https:\/\/www.strauch-lu.de\/kommunal\/blog\/2021\/02\/02\/start-in-duengesaison-mit-cultan\/","og_locale":"de_DE","og_type":"article","og_title":"Cultan-D\u00fcngesaison - Lohnunternehmen Agrar Service Strauch","og_description":"Reduzierung der D\u00fcngekosten durch Cultan-D\u00fcngung. Injizierung des D\u00fcngers direkt in Wurzeln\u00e4he als Depot f\u00fcr eine gleichm\u00e4\u00dfige Versorgung.","og_url":"https:\/\/www.strauch-lu.de\/kommunal\/blog\/2021\/02\/02\/start-in-duengesaison-mit-cultan\/","og_site_name":"Johannes Jan\u00dfen","article_published_time":"2021-02-02T07:00:33+00:00","article_modified_time":"2021-02-02T10:44:09+00:00","og_image":[{"width":727,"height":403,"url":"https:\/\/www.strauch-lu.de\/kommunal\/wp-content\/uploads\/sites\/3\/2020\/02\/Injektoren-2021-01.jpg","type":"image\/jpeg"}],"author":"Strauch","twitter_card":"summary_large_image","twitter_misc":{"Verfasst von":"Strauch","Gesch\u00e4tzte Lesezeit":"1\u00a0Minute"},"schema":{"@context":"https:\/\/schema.org","@graph":[{"@type":"WebPage","@id":"https:\/\/www.strauch-lu.de\/kommunal\/blog\/2021\/02\/02\/start-in-duengesaison-mit-cultan\/","url":"https:\/\/www.strauch-lu.de\/kommunal\/blog\/2021\/02\/02\/start-in-duengesaison-mit-cultan\/","name":"Cultan-D\u00fcngesaison - Lohnunternehmen Agrar Service Strauch","isPartOf":{"@id":"https:\/\/www.strauch-lu.de\/kommunal\/#website"},"datePublished":"2021-02-02T07:00:33+00:00","dateModified":"2021-02-02T10:44:09+00:00","author":{"@id":"https:\/\/www.strauch-lu.de\/kommunal\/#\/schema\/person\/7a95abd1e5b92e0060964c1afde058b6"},"description":"Reduzierung der D\u00fcngekosten durch Cultan-D\u00fcngung. Injizierung des D\u00fcngers direkt in Wurzeln\u00e4he als Depot f\u00fcr eine gleichm\u00e4\u00dfige Versorgung.","breadcrumb":{"@id":"https:\/\/www.strauch-lu.de\/kommunal\/blog\/2021\/02\/02\/start-in-duengesaison-mit-cultan\/#breadcrumb"},"inLanguage":"de","potentialAction":[{"@type":"ReadAction","target":["https:\/\/www.strauch-lu.de\/kommunal\/blog\/2021\/02\/02\/start-in-duengesaison-mit-cultan\/"]}]},{"@type":"BreadcrumbList","@id":"https:\/\/www.strauch-lu.de\/kommunal\/blog\/2021\/02\/02\/start-in-duengesaison-mit-cultan\/#breadcrumb","itemListElement":[{"@type":"ListItem","position":1,"name":"Startseite","item":"https:\/\/www.strauch-lu.de\/kommunal\/"},{"@type":"ListItem","position":2,"name":"Start in die D\u00fcngesaison 2021 mit Cultan"}]},{"@type":"WebSite","@id":"https:\/\/www.strauch-lu.de\/kommunal\/#website","url":"https:\/\/www.strauch-lu.de\/kommunal\/","name":"Johannes Jan\u00dfen","description":"Ein Unternehmen der Strauch-Gruppe","potentialAction":[{"@type":"SearchAction","target":{"@type":"EntryPoint","urlTemplate":"https:\/\/www.strauch-lu.de\/kommunal\/?s={search_term_string}"},"query-input":"required name=search_term_string"}],"inLanguage":"de"},{"@type":"Person","@id":"https:\/\/www.strauch-lu.de\/kommunal\/#\/schema\/person\/7a95abd1e5b92e0060964c1afde058b6","name":"Strauch","sameAs":["https:\/\/www.instagram.com\/agrarservicestrauch\/?hl=de"],"url":"https:\/\/www.strauch-lu.de\/kommunal\/blog\/author\/49605aba052da9b3\/"}]}},"_links":{"self":[{"href":"https:\/\/www.strauch-lu.de\/kommunal\/wp-json\/wp\/v2\/posts\/1159"}],"collection":[{"href":"https:\/\/www.strauch-lu.de\/kommunal\/wp-json\/wp\/v2\/posts"}],"about":[{"href":"https:\/\/www.strauch-lu.de\/kommunal\/wp-json\/wp\/v2\/types\/post"}],"author":[{"embeddable":true,"href":"https:\/\/www.strauch-lu.de\/kommunal\/wp-json\/wp\/v2\/users\/2"}],"replies":[{"embeddable":true,"href":"https:\/\/www.strauch-lu.de\/kommunal\/wp-json\/wp\/v2\/comments?post=1159"}],"version-history":[{"count":31,"href":"https:\/\/www.strauch-lu.de\/kommunal\/wp-json\/wp\/v2\/posts\/1159\/revisions"}],"predecessor-version":[{"id":2497,"href":"https:\/\/www.strauch-lu.de\/kommunal\/wp-json\/wp\/v2\/posts\/1159\/revisions\/2497"}],"wp:attachment":[{"href":"https:\/\/www.strauch-lu.de\/kommunal\/wp-json\/wp\/v2\/media?parent=1159"}],"wp:term":[{"taxonomy":"category","embeddable":true,"href":"https:\/\/www.strauch-lu.de\/kommunal\/wp-json\/wp\/v2\/categories?post=1159"},{"taxonomy":"post_tag","embeddable":true,"href":"https:\/\/www.strauch-lu.de\/kommunal\/wp-json\/wp\/v2\/tags?post=1159"}],"curies":[{"name":"wp","href":"https:\/\/api.w.org\/{rel}","templated":true}]}}